{"id":5862,"date":"2022-05-09T13:42:32","date_gmt":"2022-05-09T16:42:32","guid":{"rendered":"https:\/\/www.schulzautomotiva.com.br\/aftermarket\/?p=5862"},"modified":"2022-05-11T09:15:45","modified_gmt":"2022-05-11T12:15:45","slug":"modulo-treinamento-schulz-senai","status":"publish","type":"post","link":"https:\/\/www.schulzautomotiva.com.br\/aftermarket\/modulo-treinamento-schulz-senai\/","title":{"rendered":"SCHULZ AUTOMOTIVA E SENAI-SC APRESENTAR\u00c3O NA AUTOPAR UM IN\u00c9DITO M\u00d3DULO DE TREINAMENTO EM FORMATO DE CAMINH\u00c3O"},"content":{"rendered":"\n<p>SCHULZ AUTOMOTIVA E SENAI-SC APRESENTAR\u00c3O NA AUTOPAR UM IN\u00c9DITO M\u00d3DULO DE TREINAMENTO EM FORMATO DE CAMINH\u00c3O<\/p>\n\n\n\n<p>Como parte das comemora\u00e7\u00f5es dos <strong>10 anos<\/strong> de presen\u00e7a no mercado de reposi\u00e7\u00e3o, a <strong>Schulz Automotiva<\/strong> retorna \u00e0 <strong>Autopar<\/strong>, onde lan\u00e7ou seus primeiros produtos em 2012, com uma grande novidade. Em parceria com o <strong>Senai-SC<\/strong>, criou um m\u00f3dulo de treinamento \u00fanico no setor.<\/p>\n\n\n\n<p>De<strong> 11 a 14 de maio<\/strong>, os profissionais que visitarem a feira (realizada no pavilh\u00e3o do Expotrade, na cidade paranaense de Pinhais) encontrar\u00e3o um \u201cmini caminh\u00e3o\u201d funcionando no estande da empresa. O modelo re\u00fane os principais sistemas pneum\u00e1ticos e hidr\u00e1ulicos.<\/p>\n\n\n\n<p>Equipado com um compressor automotivo eletrificado e tamb\u00e9m uma bomba hidr\u00e1ulica com motor el\u00e9trico, o m\u00f3dulo permitir\u00e1 aos alunos conhecer o funcionamento real dos conjuntos de freios e dire\u00e7\u00e3o de um ve\u00edculo pesado. Outra facilidade \u00e9 o livre acesso a todos os componentes.<\/p>\n\n\n\n<div class=\"wp-block-image is-style-rounded\"><figure class=\"aligncenter size-large\"><img loading=\"lazy\" width=\"1024\" height=\"680\" src=\"https:\/\/www.schulzautomotiva.com.br\/aftermarket\/wp-content\/uploads\/2022\/05\/img_8099-1024x680.jpg\" alt=\"Equipe M\u00f3dulo Treinamento\" class=\"wp-image-5870\" srcset=\"https:\/\/www.schulzautomotiva.com.br\/aftermarket\/wp-content\/uploads\/2022\/05\/img_8099-1024x680.jpg 1024w, https:\/\/www.schulzautomotiva.com.br\/aftermarket\/wp-content\/uploads\/2022\/05\/img_8099-300x199.jpg 300w, https:\/\/www.schulzautomotiva.com.br\/aftermarket\/wp-content\/uploads\/2022\/05\/img_8099-768x510.jpg 768w, https:\/\/www.schulzautomotiva.com.br\/aftermarket\/wp-content\/uploads\/2022\/05\/img_8099-1536x1020.jpg 1536w, https:\/\/www.schulzautomotiva.com.br\/aftermarket\/wp-content\/uploads\/2022\/05\/img_8099-2048x1360.jpg 2048w\" sizes=\"(max-width: 1024px) 100vw, 1024px\" \/><figcaption>Equipe: Senai \/ Paradiesel \/ Direcar \/ I3C \/ Schulz<\/figcaption><\/figure><\/div>\n\n\n\n<p>Com o tamanho de um carro, al\u00e9m de volante e rodas funcionais, o \u201cmini caminh\u00e3o\u201d \u00e9 transportado com facilidade. A Schulz Automotiva e o Senai-SC planejam realizar as capacita\u00e7\u00f5es nas principais cidades brasileiras. A meta \u00e9 reduzir os acidentes de tr\u00e2nsito a partir do conhecimento.<\/p>\n\n\n\n<p>Em complemento, o m\u00f3dulo ser\u00e1 usado na produ\u00e7\u00e3o de v\u00eddeos t\u00e9cnicos, gerados a partir do novo polo de treinamentos em ve\u00edculos pesados, instalado na escola profissionalizante de Joinville. Outra novidade ser\u00e3o os cursos gratuitos \u00e0 dist\u00e2ncia, em sistemas pneum\u00e1ticos e hidr\u00e1ulicos.<\/p>\n\n\n\n<p>Os conte\u00fados est\u00e3o sendo desenvolvidos em conjunto, unindo os conhecimentos dos instrutores do Senai-SC, da equipe da Schulz Automotiva e dos especialistas da rede de oficinas parceiras. Os alunos contar\u00e3o com apostilas, recursos digitais avan\u00e7ados e certificados de conclus\u00e3o. &nbsp;&nbsp;&nbsp;&nbsp;<\/p>\n\n\n\n<p><\/p>\n","protected":false},"excerpt":{"rendered":"<p>SCHULZ AUTOMOTIVA E SENAI-SC APRESENTAR\u00c3O NA AUTOPAR UM IN\u00c9DITO M\u00d3DULO DE TREINAMENTO EM FORMATO DE CAMINH\u00c3O Como parte das comemora\u00e7\u00f5es dos 10 anos de presen\u00e7a no mercado de reposi\u00e7\u00e3o, a Schulz Automotiva retorna \u00e0 Autopar, onde lan\u00e7ou seus primeiros produtos em 2012, com uma grande novidade. Em parceria com o Senai-SC, criou um m\u00f3dulo de [&hellip;]<\/p>\n","protected":false},"author":10,"featured_media":5863,"comment_status":"open","ping_status":"open","sticky":false,"template":"","format":"standard","meta":{"_mi_skip_tracking":false,"_monsterinsights_sitenote_active":false,"_monsterinsights_sitenote_note":"","_monsterinsights_sitenote_category":0},"categories":[36,31],"tags":[125,126],"_links":{"self":[{"href":"https:\/\/www.schulzautomotiva.com.br\/aftermarket\/wp-json\/wp\/v2\/posts\/5862"}],"collection":[{"href":"https:\/\/www.schulzautomotiva.com.br\/aftermarket\/wp-json\/wp\/v2\/posts"}],"about":[{"href":"https:\/\/www.schulzautomotiva.com.br\/aftermarket\/wp-json\/wp\/v2\/types\/post"}],"author":[{"embeddable":true,"href":"https:\/\/www.schulzautomotiva.com.br\/aftermarket\/wp-json\/wp\/v2\/users\/10"}],"replies":[{"embeddable":true,"href":"https:\/\/www.schulzautomotiva.com.br\/aftermarket\/wp-json\/wp\/v2\/comments?post=5862"}],"version-history":[{"count":14,"href":"https:\/\/www.schulzautomotiva.com.br\/aftermarket\/wp-json\/wp\/v2\/posts\/5862\/revisions"}],"predecessor-version":[{"id":5889,"href":"https:\/\/www.schulzautomotiva.com.br\/aftermarket\/wp-json\/wp\/v2\/posts\/5862\/revisions\/5889"}],"wp:featuredmedia":[{"embeddable":true,"href":"https:\/\/www.schulzautomotiva.com.br\/aftermarket\/wp-json\/wp\/v2\/media\/5863"}],"wp:attachment":[{"href":"https:\/\/www.schulzautomotiva.com.br\/aftermarket\/wp-json\/wp\/v2\/media?parent=5862"}],"wp:term":[{"taxonomy":"category","embeddable":true,"href":"https:\/\/www.schulzautomotiva.com.br\/aftermarket\/wp-json\/wp\/v2\/categories?post=5862"},{"taxonomy":"post_tag","embeddable":true,"href":"https:\/\/www.schulzautomotiva.com.br\/aftermarket\/wp-json\/wp\/v2\/tags?post=5862"}],"curies":[{"name":"wp","href":"https:\/\/api.w.org\/{rel}","templated":true}]}}